{"id":14058,"date":"2024-06-21T10:00:00","date_gmt":"2024-06-21T08:00:00","guid":{"rendered":"https:\/\/cotobajo.es\/olivenoel-im-sommer-konservierung-und-wichtige-pflege\/"},"modified":"2025-11-19T14:05:13","modified_gmt":"2025-11-19T13:05:13","slug":"olivenoel-sommer-lagerung-pflege-tipps","status":"publish","type":"post","link":"https:\/\/cotobajo.es\/de\/olivenoel-sommer-lagerung-pflege-tipps\/","title":{"rendered":"Oliven\u00f6l im Sommer: Konservierung und wichtige Pflege"},"content":{"rendered":"\t\t<div data-elementor-type=\"wp-post\" data-elementor-id=\"14058\" class=\"elementor elementor-14058 elementor-8143\" data-elementor-post-type=\"post\">\n\t\t\t\t<div class=\"elementor-element elementor-element-2eaae32 e-flex e-con-boxed e-con e-parent\" data-id=\"2eaae32\" data-element_type=\"container\" data-e-type=\"container\">\n\t\t\t\t\t<div class=\"e-con-inner\">\n\t\t\t\t<div class=\"elementor-element elementor-element-f538146 elementor-widget elementor-widget-text-editor\" data-id=\"f538146\" data-element_type=\"widget\" data-e-type=\"widget\" data-widget_type=\"text-editor.default\">\n\t\t\t\t\t\t\t\t\t<p>Wussten Sie, dass <strong>die Konservierung von \u00d6l im Sommer<\/strong> entscheidend ist, um seine optimale Qualit\u00e4t zu erhalten? Wir bei Coto Bajo wissen, wie wichtig es ist, dieses goldene Elixier vor den sch\u00e4dlichen Auswirkungen des Sommers zu sch\u00fctzen. Finden Sie heraus, wie Sie sicherstellen k\u00f6nnen, dass Ihr \u00d6l auch bei den hohen Temperaturen des Sommers <strong>alle seine Eigenschaften beibeh\u00e4lt<\/strong>.  <\/p><p>Wenn Sie mehr wissen m\u00f6chten: <a href=\"https:\/\/cotobajo.es\/de\/warum-mit-nativem-olivenoel-extra-kochen\/\"><em>Warum mit nativem Oliven\u00f6l extra kochen?<\/em><\/a><\/p>\t\t\t\t\t\t\t\t<\/div>\n\t\t\t\t\t<\/div>\n\t\t\t\t<\/div>\n\t\t<div class=\"elementor-element elementor-element-b7e0fd8 e-flex e-con-boxed e-con e-parent\" data-id=\"b7e0fd8\" data-element_type=\"container\" data-e-type=\"container\">\n\t\t\t\t\t<div class=\"e-con-inner\">\n\t\t\t\t<div class=\"elementor-element elementor-element-3f4be8d elementor-widget elementor-widget-heading\" data-id=\"3f4be8d\" data-element_type=\"widget\" data-e-type=\"widget\" data-widget_type=\"heading.default\">\n\t\t\t\t\t<h2 class=\"elementor-heading-title elementor-size-default\">Warum ist es so wichtig, \u00d6l im Sommer richtig zu konservieren?<\/h2>\t\t\t\t<\/div>\n\t\t\t\t\t<\/div>\n\t\t\t\t<\/div>\n\t\t<div class=\"elementor-element elementor-element-1874ada e-flex e-con-boxed e-con e-parent\" data-id=\"1874ada\" data-element_type=\"container\" data-e-type=\"container\">\n\t\t\t\t\t<div class=\"e-con-inner\">\n\t\t\t\t<div class=\"elementor-element elementor-element-f0d22c1 elementor-widget elementor-widget-text-editor\" data-id=\"f0d22c1\" data-element_type=\"widget\" data-e-type=\"widget\" data-widget_type=\"text-editor.default\">\n\t\t\t\t\t\t\t\t\t<p>Im Sommer k\u00f6nnen Hitze und Licht dem <strong>nativen Oliven\u00f6l extra<\/strong> Schaden zuf\u00fcgen. Diese Elemente <strong>beschleunigen den <a href=\"https:\/\/dialnet.unirioja.es\/servlet\/tesis?codigo=301014\">Oxidationsprozess<\/a><\/strong> und k\u00f6nnen sowohl den <strong>Geschmack<\/strong> als auch die gesunden <strong>Eigenschaften<\/strong> des Produkts ver\u00e4ndern. Deshalb empfehlen wir bei Coto Bajo die Einhaltung dieser Praktiken f\u00fcr eine optimale Konservierung.  <\/p>\t\t\t\t\t\t\t\t<\/div>\n\t\t\t\t\t<\/div>\n\t\t\t\t<\/div>\n\t\t<div class=\"elementor-element elementor-element-bf50c8e e-flex e-con-boxed e-con e-parent\" data-id=\"bf50c8e\" data-element_type=\"container\" data-e-type=\"container\">\n\t\t\t\t\t<div class=\"e-con-inner\">\n\t\t\t\t<div class=\"elementor-element elementor-element-021975e elementor-widget elementor-widget-heading\" data-id=\"021975e\" data-element_type=\"widget\" data-e-type=\"widget\" data-widget_type=\"heading.default\">\n\t\t\t\t\t<h2 class=\"elementor-heading-title elementor-size-default\">Was passiert, wenn sich das \u00d6l verschlechtert?\n<\/h2>\t\t\t\t<\/div>\n\t\t\t\t\t<\/div>\n\t\t\t\t<\/div>\n\t\t<div class=\"elementor-element elementor-element-be2497c e-flex e-con-boxed e-con e-parent\" data-id=\"be2497c\" data-element_type=\"container\" data-e-type=\"container\">\n\t\t\t\t\t<div class=\"e-con-inner\">\n\t\t\t\t<div class=\"elementor-element elementor-element-4f36892 elementor-widget elementor-widget-text-editor\" data-id=\"4f36892\" data-element_type=\"widget\" data-e-type=\"widget\" data-widget_type=\"text-editor.default\">\n\t\t\t\t\t\t\t\t\t<p>Anders als Wein wird \u00d6l mit dem Alter nicht besser. Unsere Gro\u00dfeltern pflegten zu sagen &#8222;neues \u00d6l und alter Wein&#8220;, und sie hatten Recht. Mit der Zeit <strong>verliert das \u00d6l seine Eigenschaften<\/strong>. Wenn es richtig gelagert wird, erfolgt dieser Abbau sehr langsam, aber nicht immer.   <\/p><p>Natives Oliven\u00f6l extra ist kein Produkt, das wie Milch verdirbt. Daher ist der <strong>Verzehr eines \u00d6ls nach Ablauf des Haltbarkeitsdatums nicht gesundheitssch\u00e4dlich<\/strong>, auch wenn es dann nicht mehr seine urspr\u00fcnglichen Eigenschaften beh\u00e4lt. <\/p><p>Es bedarf keines besonders geschulten Geruchssinns, um zu erkennen, dass ein Oliven\u00f6l verdorben ist: Die typischen Aromen vermischen sich mit anderen seltsamen Ger\u00fcchen, die von einem <strong>ranzigen Geruch bis hin zu muffigen oder metallischen Noten<\/strong> reichen k\u00f6nnen. Chemisch gesehen, sind die <a href=\"https:\/\/es.oliveoiltimes.com\/basics\/what-are-polyphenols-and-why-should-you-care\/103382\"><strong>Polyphenole<\/strong><\/a>die f\u00fcr das &#8222;Prickeln&#8220; verantwortlich sind, das manchmal in neuen \u00d6len zu sp\u00fcren ist, im Laufe der Zeit allm\u00e4hlich verschwinden. Die konservierende &#8222;Kraft&#8220; der <strong>Tocopherole<\/strong> wird schw\u00e4cher und es k\u00f6nnen R\u00fcckst\u00e4nde entstehen, die die nat\u00fcrliche Flie\u00dff\u00e4higkeit beeintr\u00e4chtigen, eine wichtige Eigenschaft von EVOO.  <\/p>\t\t\t\t\t\t\t\t<\/div>\n\t\t\t\t\t<\/div>\n\t\t\t\t<\/div>\n\t\t<div class=\"elementor-element elementor-element-2c2c013 e-flex e-con-boxed e-con e-parent\" data-id=\"2c2c013\" data-element_type=\"container\" data-e-type=\"container\">\n\t\t\t\t\t<div class=\"e-con-inner\">\n\t\t\t\t<div class=\"elementor-element elementor-element-332b515 elementor-widget elementor-widget-heading\" data-id=\"332b515\" data-element_type=\"widget\" data-e-type=\"widget\" data-widget_type=\"heading.default\">\n\t\t\t\t\t<h2 class=\"elementor-heading-title elementor-size-default\">Tipps f\u00fcr die Aufbewahrung Ihres nativen Oliven\u00f6ls extra im Sommer<\/h2>\t\t\t\t<\/div>\n\t\t\t\t\t<\/div>\n\t\t\t\t<\/div>\n\t\t<div class=\"elementor-element elementor-element-85d120e e-flex e-con-boxed e-con e-parent\" data-id=\"85d120e\" data-element_type=\"container\" data-e-type=\"container\">\n\t\t\t\t\t<div class=\"e-con-inner\">\n\t\t\t\t<div class=\"elementor-element elementor-element-e4cf1f4 elementor-widget elementor-widget-heading\" data-id=\"e4cf1f4\" data-element_type=\"widget\" data-e-type=\"widget\" data-widget_type=\"heading.default\">\n\t\t\t\t\t<h3 class=\"elementor-heading-title elementor-size-default\">1. konstante Temperatur, Schl\u00fcssel zur Frische<\/h3>\t\t\t\t<\/div>\n\t\t\t\t\t<\/div>\n\t\t\t\t<\/div>\n\t\t<div class=\"elementor-element elementor-element-9a3bc8e e-flex e-con-boxed e-con e-parent\" data-id=\"9a3bc8e\" data-element_type=\"container\" data-e-type=\"container\">\n\t\t\t\t\t<div class=\"e-con-inner\">\n\t\t\t\t<div class=\"elementor-element elementor-element-55d0efa elementor-widget elementor-widget-text-editor\" data-id=\"55d0efa\" data-element_type=\"widget\" data-e-type=\"widget\" data-widget_type=\"text-editor.default\">\n\t\t\t\t\t\t\t\t\t<p><strong>Vermeiden Sie pl\u00f6tzliche Temperaturschwankungen<\/strong>. Lagern Sie das \u00d6l an einem <strong>k\u00fchlen<\/strong>, <strong>vor direktem Sonnenlicht gesch\u00fctzten<\/strong> Ort und halten Sie eine stabile Temperatur zwischen <strong>14-18 Grad Celsius<\/strong>. Dadurch wird sichergestellt, dass das \u00d6l seine Frische beh\u00e4lt, ohne zu erstarren oder seine antioxidativen Eigenschaften zu verlieren.  <\/p>\t\t\t\t\t\t\t\t<\/div>\n\t\t\t\t\t<\/div>\n\t\t\t\t<\/div>\n\t\t<div class=\"elementor-element elementor-element-a9f87e4 e-flex e-con-boxed e-con e-parent\" data-id=\"a9f87e4\" data-element_type=\"container\" data-e-type=\"container\">\n\t\t\t\t\t<div class=\"e-con-inner\">\n\t\t\t\t<div class=\"elementor-element elementor-element-d865d5a elementor-widget elementor-widget-heading\" data-id=\"d865d5a\" data-element_type=\"widget\" data-e-type=\"widget\" data-widget_type=\"heading.default\">\n\t\t\t\t\t<h3 class=\"elementor-heading-title elementor-size-default\">2. geeignete Beh\u00e4lter f\u00fcr \u00d6l im Sommer<\/h3>\t\t\t\t<\/div>\n\t\t\t\t\t<\/div>\n\t\t\t\t<\/div>\n\t\t<div class=\"elementor-element elementor-element-c1eaf5b e-flex e-con-boxed e-con e-parent\" data-id=\"c1eaf5b\" data-element_type=\"container\" data-e-type=\"container\">\n\t\t\t\t\t<div class=\"e-con-inner\">\n\t\t\t\t<div class=\"elementor-element elementor-element-52c69ab elementor-widget elementor-widget-image\" data-id=\"52c69ab\" data-element_type=\"widget\" data-e-type=\"widget\" data-widget_type=\"image.default\">\n\t\t\t\t\t\t\t\t\t\t\t\t\t\t\t<img fetchpriority=\"high\" decoding=\"async\" width=\"800\" height=\"287\" src=\"https:\/\/cotobajo.es\/wp-content\/uploads\/2024\/06\/aove-botella-cristal-1024x367.jpg\" class=\"attachment-large size-large wp-image-12896\" alt=\"\" srcset=\"https:\/\/cotobajo.es\/wp-content\/uploads\/2024\/06\/aove-botella-cristal-1024x367.jpg 1024w, https:\/\/cotobajo.es\/wp-content\/uploads\/2024\/06\/aove-botella-cristal-300x108.jpg 300w, https:\/\/cotobajo.es\/wp-content\/uploads\/2024\/06\/aove-botella-cristal-768x275.jpg 768w, https:\/\/cotobajo.es\/wp-content\/uploads\/2024\/06\/aove-botella-cristal-1536x550.jpg 1536w, https:\/\/cotobajo.es\/wp-content\/uploads\/2024\/06\/aove-botella-cristal-600x215.jpg 600w, https:\/\/cotobajo.es\/wp-content\/uploads\/2024\/06\/aove-botella-cristal.jpg 2040w\" sizes=\"(max-width: 800px) 100vw, 800px\" \/>\t\t\t\t\t\t\t\t\t\t\t\t\t\t\t<\/div>\n\t\t\t\t\t<\/div>\n\t\t\t\t<\/div>\n\t\t<div class=\"elementor-element elementor-element-157c4cd e-flex e-con-boxed e-con e-parent\" data-id=\"157c4cd\" data-element_type=\"container\" data-e-type=\"container\">\n\t\t\t\t\t<div class=\"e-con-inner\">\n\t\t\t\t<div class=\"elementor-element elementor-element-29b0675 elementor-widget elementor-widget-text-editor\" data-id=\"29b0675\" data-element_type=\"widget\" data-e-type=\"widget\" data-widget_type=\"text-editor.default\">\n\t\t\t\t\t\t\t\t\t<p>Entscheiden Sie sich f\u00fcr <strong>dunkle, undurchsichtige Beh\u00e4lter<\/strong>, um das \u00d6l vor Licht zu sch\u00fctzen. <strong>Get\u00f6nte Glasflaschen<\/strong> oder Dosen sind ideal, um die Qualit\u00e4t des \u00d6ls zu erhalten, ohne dass es durch Lichteinwirkung beeintr\u00e4chtigt wird.   <\/p><p>Wenn Sie sich daf\u00fcr entscheiden, das \u00d6l in Kunststoffbeh\u00e4ltern aufzubewahren, achten Sie darauf, dass Sie <strong>PET-Beh\u00e4lter<\/strong> verwenden, das am besten geeignete Material f\u00fcr diesen Zweck. PET ist <strong>lichtbest\u00e4ndiger<\/strong> als alle anderen Kunststoffbeh\u00e4lter und <strong>beeintr\u00e4chtigt die Eigenschaften des nativen Oliven\u00f6ls extra nicht<\/strong> wie andere Kunststoffe. <\/p>\t\t\t\t\t\t\t\t<\/div>\n\t\t\t\t\t<\/div>\n\t\t\t\t<\/div>\n\t\t<div class=\"elementor-element elementor-element-4fdcc50 e-flex e-con-boxed e-con e-parent\" data-id=\"4fdcc50\" data-element_type=\"container\" data-e-type=\"container\">\n\t\t\t\t\t<div class=\"e-con-inner\">\n\t\t\t\t<div class=\"elementor-element elementor-element-9f344cf elementor-widget elementor-widget-heading\" data-id=\"9f344cf\" data-element_type=\"widget\" data-e-type=\"widget\" data-widget_type=\"heading.default\">\n\t\t\t\t\t<h3 class=\"elementor-heading-title elementor-size-default\">3. Vorsichtig mit Luft und Feuchtigkeit<\/h3>\t\t\t\t<\/div>\n\t\t\t\t\t<\/div>\n\t\t\t\t<\/div>\n\t\t<div class=\"elementor-element elementor-element-d1907a7 e-flex e-con-boxed e-con e-parent\" data-id=\"d1907a7\" data-element_type=\"container\" data-e-type=\"container\">\n\t\t\t\t\t<div class=\"e-con-inner\">\n\t\t\t\t<div class=\"elementor-element elementor-element-a8d95b9 elementor-widget elementor-widget-text-editor\" data-id=\"a8d95b9\" data-element_type=\"widget\" data-e-type=\"widget\" data-widget_type=\"text-editor.default\">\n\t\t\t\t\t\t\t\t\t<p>Verschlie\u00dfen Sie die Flasche nach jedem Gebrauch fest, um <strong>Oxidation<\/strong> zu vermeiden. Das \u00d6l kann <strong>Ger\u00fcche von au\u00dfen aufnehmen<\/strong>, daher ist es wichtig, die Flasche gut zu verschlie\u00dfen, um ihre <strong>Reinheit<\/strong> zu bewahren. <\/p>\t\t\t\t\t\t\t\t<\/div>\n\t\t\t\t\t<\/div>\n\t\t\t\t<\/div>\n\t\t<div class=\"elementor-element elementor-element-313e169 e-flex e-con-boxed e-con e-parent\" data-id=\"313e169\" data-element_type=\"container\" data-e-type=\"container\">\n\t\t\t\t\t<div class=\"e-con-inner\">\n\t\t\t\t<div class=\"elementor-element elementor-element-4304f5b elementor-widget elementor-widget-heading\" data-id=\"4304f5b\" data-element_type=\"widget\" data-e-type=\"widget\" data-widget_type=\"heading.default\">\n\t\t\t\t\t<h3 class=\"elementor-heading-title elementor-size-default\">4. Vermeiden Sie K\u00fchlung<\/h3>\t\t\t\t<\/div>\n\t\t\t\t\t<\/div>\n\t\t\t\t<\/div>\n\t\t<div class=\"elementor-element elementor-element-27bf104 e-flex e-con-boxed e-con e-parent\" data-id=\"27bf104\" data-element_type=\"container\" data-e-type=\"container\">\n\t\t\t\t\t<div class=\"e-con-inner\">\n\t\t\t\t<div class=\"elementor-element elementor-element-1b2463b elementor-widget elementor-widget-text-editor\" data-id=\"1b2463b\" data-element_type=\"widget\" data-e-type=\"widget\" data-widget_type=\"text-editor.default\">\n\t\t\t\t\t\t\t\t\t<p>Auch wenn es verlockend erscheint, kann die Lagerung von \u00d6l im K\u00fchlschrank dazu f\u00fchren, dass es <strong>fest wird<\/strong> und <strong>seine organoleptischen Eigenschaften verliert<\/strong>. Es ist besser, es in einer <strong>k\u00fchlen, dunklen Speisekammer<\/strong> aufzubewahren. <\/p>\t\t\t\t\t\t\t\t<\/div>\n\t\t\t\t\t<\/div>\n\t\t\t\t<\/div>\n\t\t<div class=\"elementor-element elementor-element-a2ca16a e-flex e-con-boxed e-con e-parent\" data-id=\"a2ca16a\" data-element_type=\"container\" data-e-type=\"container\">\n\t\t\t\t\t<div class=\"e-con-inner\">\n\t\t\t\t<div class=\"elementor-element elementor-element-8407c67 elementor-widget elementor-widget-heading\" data-id=\"8407c67\" data-element_type=\"widget\" data-e-type=\"widget\" data-widget_type=\"heading.default\">\n\t\t\t\t\t<h3 class=\"elementor-heading-title elementor-size-default\">5. Vermeiden Sie Cremes und Vinaigrettes<\/h3>\t\t\t\t<\/div>\n\t\t\t\t\t<\/div>\n\t\t\t\t<\/div>\n\t\t<div class=\"elementor-element elementor-element-92f7964 e-flex e-con-boxed e-con e-parent\" data-id=\"92f7964\" data-element_type=\"container\" data-e-type=\"container\">\n\t\t\t\t\t<div class=\"e-con-inner\">\n\t\t\t\t<div class=\"elementor-element elementor-element-ee7754b elementor-widget elementor-widget-text-editor\" data-id=\"ee7754b\" data-element_type=\"widget\" data-e-type=\"widget\" data-widget_type=\"text-editor.default\">\n\t\t\t\t\t\t\t\t\t<p>Selbst das hochwertigste native Oliven\u00f6l extra neigt dazu, in diesen \u00fcblichen Beh\u00e4ltern, die wir alle zu Hause haben und die keine Garantie f\u00fcr die Lebensmittelsicherheit bieten, <strong>schnell zu oxidieren<\/strong>.<\/p>\t\t\t\t\t\t\t\t<\/div>\n\t\t\t\t\t<\/div>\n\t\t\t\t<\/div>\n\t\t<div class=\"elementor-element elementor-element-2db1c80 e-flex e-con-boxed e-con e-parent\" data-id=\"2db1c80\" data-element_type=\"container\" data-e-type=\"container\">\n\t\t\t\t\t<div class=\"e-con-inner\">\n\t\t\t\t<div class=\"elementor-element elementor-element-0ad97cb elementor-widget elementor-widget-heading\" data-id=\"0ad97cb\" data-element_type=\"widget\" data-e-type=\"widget\" data-widget_type=\"heading.default\">\n\t\t\t\t\t<h2 class=\"elementor-heading-title elementor-size-default\">Besuchen Sie unseren Online-Shop und genie\u00dfen Sie das beste native Oliven\u00f6l extra, auch im Sommer!<\/h2>\t\t\t\t<\/div>\n\t\t\t\t\t<\/div>\n\t\t\t\t<\/div>\n\t\t<div class=\"elementor-element elementor-element-5a0a23e e-flex e-con-boxed e-con e-parent\" data-id=\"5a0a23e\" data-element_type=\"container\" data-e-type=\"container\">\n\t\t\t\t\t<div class=\"e-con-inner\">\n\t\t\t\t<div class=\"elementor-element elementor-element-462efce elementor-widget elementor-widget-image\" data-id=\"462efce\" data-element_type=\"widget\" data-e-type=\"widget\" data-widget_type=\"image.default\">\n\t\t\t\t\t\t\t\t\t\t\t\t\t\t\t<img decoding=\"async\" width=\"800\" height=\"534\" src=\"https:\/\/cotobajo.es\/wp-content\/uploads\/2024\/06\/productos-coto-bajo-aceite-de-oliva-virgen-extra-1024x683.jpg\" class=\"attachment-large size-large wp-image-12893\" alt=\"\" srcset=\"https:\/\/cotobajo.es\/wp-content\/uploads\/2024\/06\/productos-coto-bajo-aceite-de-oliva-virgen-extra-1024x683.jpg 1024w, https:\/\/cotobajo.es\/wp-content\/uploads\/2024\/06\/productos-coto-bajo-aceite-de-oliva-virgen-extra-300x200.jpg 300w, https:\/\/cotobajo.es\/wp-content\/uploads\/2024\/06\/productos-coto-bajo-aceite-de-oliva-virgen-extra-768x512.jpg 768w, https:\/\/cotobajo.es\/wp-content\/uploads\/2024\/06\/productos-coto-bajo-aceite-de-oliva-virgen-extra-1536x1024.jpg 1536w, https:\/\/cotobajo.es\/wp-content\/uploads\/2024\/06\/productos-coto-bajo-aceite-de-oliva-virgen-extra-600x400.jpg 600w, https:\/\/cotobajo.es\/wp-content\/uploads\/2024\/06\/productos-coto-bajo-aceite-de-oliva-virgen-extra.jpg 1887w\" sizes=\"(max-width: 800px) 100vw, 800px\" \/>\t\t\t\t\t\t\t\t\t\t\t\t\t\t\t<\/div>\n\t\t\t\t\t<\/div>\n\t\t\t\t<\/div>\n\t\t<div class=\"elementor-element elementor-element-de5f68c e-flex e-con-boxed e-con e-parent\" data-id=\"de5f68c\" data-element_type=\"container\" data-e-type=\"container\">\n\t\t\t\t\t<div class=\"e-con-inner\">\n\t\t\t\t<div class=\"elementor-element elementor-element-09b6f2a elementor-widget elementor-widget-text-editor\" data-id=\"09b6f2a\" data-element_type=\"widget\" data-e-type=\"widget\" data-widget_type=\"text-editor.default\">\n\t\t\t\t\t\t\t\t\t<p>Wir von <strong>Coto Bajo<\/strong> sind stolz darauf, <strong>natives Oliven\u00f6l Extra<\/strong> von h\u00f6chster Qualit\u00e4t anbieten zu k\u00f6nnen, das unter <strong>strengen Konservierungsstandards<\/strong> hergestellt wird. Lassen Sie sich von der Sommerhitze nicht von Ihrem gastronomischen Erlebnis abhalten. Besuchen Sie <a href=\"https:\/\/www.cotobajo.es\/tienda\">unser Gesch\u00e4ft<\/a> und entdecken Sie unsere Auswahl an \u00d6len, die Sie das ganze Jahr \u00fcber genie\u00dfen k\u00f6nnen. Pflegen Sie Ihr \u00d6l, wie es sich geh\u00f6rt, und genie\u00dfen Sie seinen einzigartigen Geschmack in jedem Gericht!   <\/p><p>Finden Sie es heraus: <a href=\"https:\/\/cotobajo.es\/de\/tipps-fuer-den-online-kauf-von-nativem-olivenoel-extra-kaufen-sie-von-zu-hause-aus\/\"><em>Wie Sie natives Oliven\u00f6l extra online kaufen, direkt von zu Hause aus!<\/em><\/a><\/p><p>Mit diesen einfachen, aber effektiven Tipps k\u00f6nnen Sie sicherstellen, dass Ihr Natives Oliven\u00f6l Extra seine Frische und Qualit\u00e4t beh\u00e4lt und zu jeder Jahreszeit zum Verfeinern Ihrer Lieblingsgerichte zur Verf\u00fcgung steht.<\/p>\t\t\t\t\t\t\t\t<\/div>\n\t\t\t\t\t<\/div>\n\t\t\t\t<\/div>\n\t\t\t\t<\/div>\n\t\t","protected":false},"excerpt":{"rendered":"<p>Hier sind 5 Tipps, wie Sie die Qualit\u00e4t, die Vorz\u00fcge und den Geschmack von nativem Oliven\u00f6l extra auch im Sommer unver\u00e4ndert erhalten k\u00f6nnen. Indem Sie auf die richtigen Licht-, Temperatur- und Verpackungsbedingungen achten, verhindern Sie, dass Ihr \u00d6l mit dem Einsetzen der Hitze verdirbt.   <\/p>\n","protected":false},"author":57,"featured_media":12890,"comment_status":"closed","ping_status":"closed","sticky":false,"template":"","format":"standard","meta":{"_acf_changed":false,"_joinchat":[],"footnotes":""},"categories":[408],"tags":[82,538,185,201,146,432,456],"class_list":["post-14058","post","type-post","status-publish","format-standard","has-post-thumbnail","hentry","category-verantwortungsvoller-einkauf-verpackung-und-konsum","tag-aceite-de-oliva-virgen-extra","tag-aceite-de-oliva-virgen-extra-calidad","tag-erhaltung","tag-natives-olivenoel-extra-online-kaufen","tag-olivenol","tag-olivenoel-qualitaet","tag-verpackung"],"acf":[],"yoast_head":"<!-- This site is optimized with the Yoast SEO plugin v27.5 - https:\/\/yoast.com\/product\/yoast-seo-wordpress\/ -->\n<title>Wie man Oliven\u00f6l im Sommer konserviert<\/title>\n<meta name=\"description\" content=\"Bewahren Sie Coto Bajo EVOO im Sommer auf, ohne dass es an Qualit\u00e4t oder Eigenschaften verliert. Die wichtigsten Techniken, um seine Reinheit, sein Aroma und seinen Geschmack zu sch\u00fctzen. Lernen Sie sie kennen.\" \/>\n<meta name=\"robots\" content=\"index, follow, max-snippet:-1, max-image-preview:large, max-video-preview:-1\" \/>\n<link rel=\"canonical\" href=\"https:\/\/cotobajo.es\/de\/olivenoel-sommer-lagerung-pflege-tipps\/\" \/>\n<meta property=\"og:locale\" content=\"de_DE\" \/>\n<meta property=\"og:type\" content=\"article\" \/>\n<meta property=\"og:title\" content=\"Innovationen und Trends in der Produktion von Nativem Oliven\u00f6l Extra\" \/>\n<meta property=\"og:description\" content=\"Entdecken Sie die spannenden Trends, die die Produktion von nativem Oliven\u00f6l extra ver\u00e4ndern. Die Pr\u00e4zisionslandwirtschaft mit Drohnen und Sensoren optimiert den Anbau von Olivenb\u00e4umen, w\u00e4hrend die Kaltextraktion und das kontinuierliche Mahlen die einzigartigen Eigenschaften der Oliven bewahren. Biologischer Anbau und gesch\u00fctzte Herkunftsbezeichnungen sorgen f\u00fcr Produktqualit\u00e4t und R\u00fcckverfolgbarkeit. Dar\u00fcber hinaus treibt der Aufstieg des Lokalen und Nachhaltigen die Erzeuger zu umweltfreundlichen Praktiken an. Genie\u00dfen Sie dieses goldene Elixier, das mit Leidenschaft und fortschrittlicher Technologie gepflegt wird! \ud83c\udf43\ud83c\udf3f\" \/>\n<meta property=\"og:url\" content=\"https:\/\/cotobajo.es\/de\/olivenoel-sommer-lagerung-pflege-tipps\/\" \/>\n<meta property=\"og:site_name\" content=\"Coto Bajo\" \/>\n<meta property=\"article:publisher\" content=\"https:\/\/www.facebook.com\/Coto-Bajo-394048128222\" \/>\n<meta property=\"article:published_time\" content=\"2024-06-21T08:00:00+00:00\" \/>\n<meta property=\"article:modified_time\" content=\"2025-11-19T13:05:13+00:00\" \/>\n<meta property=\"og:image\" content=\"https:\/\/cotobajo.es\/wp-content\/uploads\/2023\/07\/diario-de-gastronomia.jpg\" \/>\n<meta name=\"author\" content=\"Juan Copado\" \/>\n<meta name=\"twitter:card\" content=\"summary_large_image\" \/>\n<meta name=\"twitter:creator\" content=\"@cotobajo\" \/>\n<meta name=\"twitter:site\" content=\"@cotobajo\" \/>\n<meta name=\"twitter:label1\" content=\"Verfasst von\" \/>\n\t<meta name=\"twitter:data1\" content=\"Juan Copado\" \/>\n\t<meta name=\"twitter:label2\" content=\"Gesch\u00e4tzte Lesezeit\" \/>\n\t<meta name=\"twitter:data2\" content=\"4\u00a0Minuten\" \/>\n<script type=\"application\/ld+json\" class=\"yoast-schema-graph\">{\"@context\":\"https:\\\/\\\/schema.org\",\"@graph\":[{\"@type\":\"Article\",\"@id\":\"https:\\\/\\\/cotobajo.es\\\/de\\\/olivenoel-sommer-lagerung-pflege-tipps\\\/#article\",\"isPartOf\":{\"@id\":\"https:\\\/\\\/cotobajo.es\\\/de\\\/olivenoel-sommer-lagerung-pflege-tipps\\\/\"},\"author\":{\"name\":\"Juan Copado\",\"@id\":\"https:\\\/\\\/cotobajo.es\\\/de\\\/#\\\/schema\\\/person\\\/97064de217ed7f6492951b6681a98e30\"},\"headline\":\"Oliven\u00f6l im Sommer: Konservierung und wichtige Pflege\",\"datePublished\":\"2024-06-21T08:00:00+00:00\",\"dateModified\":\"2025-11-19T13:05:13+00:00\",\"mainEntityOfPage\":{\"@id\":\"https:\\\/\\\/cotobajo.es\\\/de\\\/olivenoel-sommer-lagerung-pflege-tipps\\\/\"},\"wordCount\":765,\"publisher\":{\"@id\":\"https:\\\/\\\/cotobajo.es\\\/de\\\/#organization\"},\"image\":{\"@id\":\"https:\\\/\\\/cotobajo.es\\\/de\\\/olivenoel-sommer-lagerung-pflege-tipps\\\/#primaryimage\"},\"thumbnailUrl\":\"https:\\\/\\\/cotobajo.es\\\/wp-content\\\/uploads\\\/2024\\\/06\\\/aceite-en-verano-conservacion-coto-bajo-e1718957374566.jpg\",\"keywords\":[\"aceite de oliva virgen extra\",\"aceite de oliva virgen extra calidad\",\"Erhaltung\",\"natives Oliven\u00f6l extra online kaufen\",\"Oliven\u00f6l\",\"Oliven\u00f6l Qualit\u00e4t\",\"Verpackung\"],\"articleSection\":[\"Verantwortungsvoller Einkauf, Verpackung und Konsum\"],\"inLanguage\":\"de\"},{\"@type\":\"WebPage\",\"@id\":\"https:\\\/\\\/cotobajo.es\\\/de\\\/olivenoel-sommer-lagerung-pflege-tipps\\\/\",\"url\":\"https:\\\/\\\/cotobajo.es\\\/de\\\/olivenoel-sommer-lagerung-pflege-tipps\\\/\",\"name\":\"Wie man Oliven\u00f6l im Sommer konserviert\",\"isPartOf\":{\"@id\":\"https:\\\/\\\/cotobajo.es\\\/de\\\/#website\"},\"primaryImageOfPage\":{\"@id\":\"https:\\\/\\\/cotobajo.es\\\/de\\\/olivenoel-sommer-lagerung-pflege-tipps\\\/#primaryimage\"},\"image\":{\"@id\":\"https:\\\/\\\/cotobajo.es\\\/de\\\/olivenoel-sommer-lagerung-pflege-tipps\\\/#primaryimage\"},\"thumbnailUrl\":\"https:\\\/\\\/cotobajo.es\\\/wp-content\\\/uploads\\\/2024\\\/06\\\/aceite-en-verano-conservacion-coto-bajo-e1718957374566.jpg\",\"datePublished\":\"2024-06-21T08:00:00+00:00\",\"dateModified\":\"2025-11-19T13:05:13+00:00\",\"description\":\"Bewahren Sie Coto Bajo EVOO im Sommer auf, ohne dass es an Qualit\u00e4t oder Eigenschaften verliert. Die wichtigsten Techniken, um seine Reinheit, sein Aroma und seinen Geschmack zu sch\u00fctzen. Lernen Sie sie kennen.\",\"breadcrumb\":{\"@id\":\"https:\\\/\\\/cotobajo.es\\\/de\\\/olivenoel-sommer-lagerung-pflege-tipps\\\/#breadcrumb\"},\"inLanguage\":\"de\",\"potentialAction\":[{\"@type\":\"ReadAction\",\"target\":[\"https:\\\/\\\/cotobajo.es\\\/de\\\/olivenoel-sommer-lagerung-pflege-tipps\\\/\"]}]},{\"@type\":\"ImageObject\",\"inLanguage\":\"de\",\"@id\":\"https:\\\/\\\/cotobajo.es\\\/de\\\/olivenoel-sommer-lagerung-pflege-tipps\\\/#primaryimage\",\"url\":\"https:\\\/\\\/cotobajo.es\\\/wp-content\\\/uploads\\\/2024\\\/06\\\/aceite-en-verano-conservacion-coto-bajo-e1718957374566.jpg\",\"contentUrl\":\"https:\\\/\\\/cotobajo.es\\\/wp-content\\\/uploads\\\/2024\\\/06\\\/aceite-en-verano-conservacion-coto-bajo-e1718957374566.jpg\",\"width\":1264,\"height\":699,\"caption\":\"aceite en verano coto bajo conservaci\u00f3n\"},{\"@type\":\"BreadcrumbList\",\"@id\":\"https:\\\/\\\/cotobajo.es\\\/de\\\/olivenoel-sommer-lagerung-pflege-tipps\\\/#breadcrumb\",\"itemListElement\":[{\"@type\":\"ListItem\",\"position\":1,\"name\":\"Home\",\"item\":\"https:\\\/\\\/cotobajo.es\\\/de\\\/\"},{\"@type\":\"ListItem\",\"position\":2,\"name\":\"Verantwortungsvoller Einkauf, Verpackung und Konsum\",\"item\":\"https:\\\/\\\/cotobajo.es\\\/de\\\/category\\\/verantwortungsvoller-einkauf-verpackung-und-konsum\\\/\"},{\"@type\":\"ListItem\",\"position\":3,\"name\":\"Oliven\u00f6l im Sommer: Konservierung und wichtige Pflege\"}]},{\"@type\":\"WebSite\",\"@id\":\"https:\\\/\\\/cotobajo.es\\\/de\\\/#website\",\"url\":\"https:\\\/\\\/cotobajo.es\\\/de\\\/\",\"name\":\"Coto Bajo\",\"description\":\"Aceite de Oliva Virgen Extra, AOVE y Miel Artesanal\",\"publisher\":{\"@id\":\"https:\\\/\\\/cotobajo.es\\\/de\\\/#organization\"},\"potentialAction\":[{\"@type\":\"SearchAction\",\"target\":{\"@type\":\"EntryPoint\",\"urlTemplate\":\"https:\\\/\\\/cotobajo.es\\\/de\\\/?s={search_term_string}\"},\"query-input\":{\"@type\":\"PropertyValueSpecification\",\"valueRequired\":true,\"valueName\":\"search_term_string\"}}],\"inLanguage\":\"de\"},{\"@type\":\"Organization\",\"@id\":\"https:\\\/\\\/cotobajo.es\\\/de\\\/#organization\",\"name\":\"Coto Bajo\",\"url\":\"https:\\\/\\\/cotobajo.es\\\/de\\\/\",\"logo\":{\"@type\":\"ImageObject\",\"inLanguage\":\"de\",\"@id\":\"https:\\\/\\\/cotobajo.es\\\/de\\\/#\\\/schema\\\/logo\\\/image\\\/\",\"url\":\"https:\\\/\\\/cotobajo.es\\\/wp-content\\\/uploads\\\/2021\\\/02\\\/logo-header.svg\",\"contentUrl\":\"https:\\\/\\\/cotobajo.es\\\/wp-content\\\/uploads\\\/2021\\\/02\\\/logo-header.svg\",\"width\":1000,\"height\":558,\"caption\":\"Coto Bajo\"},\"image\":{\"@id\":\"https:\\\/\\\/cotobajo.es\\\/de\\\/#\\\/schema\\\/logo\\\/image\\\/\"},\"sameAs\":[\"https:\\\/\\\/www.facebook.com\\\/Coto-Bajo-394048128222\",\"https:\\\/\\\/x.com\\\/cotobajo\",\"https:\\\/\\\/www.instagram.com\\\/coto_bajo\\\/\",\"https:\\\/\\\/www.linkedin.com\\\/company\\\/coto-bajo-s-a\\\/\",\"https:\\\/\\\/www.youtube.com\\\/@coto_bajo\"]},{\"@type\":\"Person\",\"@id\":\"https:\\\/\\\/cotobajo.es\\\/de\\\/#\\\/schema\\\/person\\\/97064de217ed7f6492951b6681a98e30\",\"name\":\"Juan Copado\",\"sameAs\":[\"https:\\\/\\\/cotobajo.es\\\/\"]}]}<\/script>\n<!-- \/ Yoast SEO plugin. -->","yoast_head_json":{"title":"Wie man Oliven\u00f6l im Sommer konserviert","description":"Bewahren Sie Coto Bajo EVOO im Sommer auf, ohne dass es an Qualit\u00e4t oder Eigenschaften verliert. Die wichtigsten Techniken, um seine Reinheit, sein Aroma und seinen Geschmack zu sch\u00fctzen. Lernen Sie sie kennen.","robots":{"index":"index","follow":"follow","max-snippet":"max-snippet:-1","max-image-preview":"max-image-preview:large","max-video-preview":"max-video-preview:-1"},"canonical":"https:\/\/cotobajo.es\/de\/olivenoel-sommer-lagerung-pflege-tipps\/","og_locale":"de_DE","og_type":"article","og_title":"Innovationen und Trends in der Produktion von Nativem Oliven\u00f6l Extra","og_description":"Entdecken Sie die spannenden Trends, die die Produktion von nativem Oliven\u00f6l extra ver\u00e4ndern. Die Pr\u00e4zisionslandwirtschaft mit Drohnen und Sensoren optimiert den Anbau von Olivenb\u00e4umen, w\u00e4hrend die Kaltextraktion und das kontinuierliche Mahlen die einzigartigen Eigenschaften der Oliven bewahren. Biologischer Anbau und gesch\u00fctzte Herkunftsbezeichnungen sorgen f\u00fcr Produktqualit\u00e4t und R\u00fcckverfolgbarkeit. Dar\u00fcber hinaus treibt der Aufstieg des Lokalen und Nachhaltigen die Erzeuger zu umweltfreundlichen Praktiken an. Genie\u00dfen Sie dieses goldene Elixier, das mit Leidenschaft und fortschrittlicher Technologie gepflegt wird! \ud83c\udf43\ud83c\udf3f","og_url":"https:\/\/cotobajo.es\/de\/olivenoel-sommer-lagerung-pflege-tipps\/","og_site_name":"Coto Bajo","article_publisher":"https:\/\/www.facebook.com\/Coto-Bajo-394048128222","article_published_time":"2024-06-21T08:00:00+00:00","article_modified_time":"2025-11-19T13:05:13+00:00","og_image":[{"url":"https:\/\/cotobajo.es\/wp-content\/uploads\/2023\/07\/diario-de-gastronomia.jpg","type":"","width":"","height":""}],"author":"Juan Copado","twitter_card":"summary_large_image","twitter_creator":"@cotobajo","twitter_site":"@cotobajo","twitter_misc":{"Verfasst von":"Juan Copado","Gesch\u00e4tzte Lesezeit":"4\u00a0Minuten"},"schema":{"@context":"https:\/\/schema.org","@graph":[{"@type":"Article","@id":"https:\/\/cotobajo.es\/de\/olivenoel-sommer-lagerung-pflege-tipps\/#article","isPartOf":{"@id":"https:\/\/cotobajo.es\/de\/olivenoel-sommer-lagerung-pflege-tipps\/"},"author":{"name":"Juan Copado","@id":"https:\/\/cotobajo.es\/de\/#\/schema\/person\/97064de217ed7f6492951b6681a98e30"},"headline":"Oliven\u00f6l im Sommer: Konservierung und wichtige Pflege","datePublished":"2024-06-21T08:00:00+00:00","dateModified":"2025-11-19T13:05:13+00:00","mainEntityOfPage":{"@id":"https:\/\/cotobajo.es\/de\/olivenoel-sommer-lagerung-pflege-tipps\/"},"wordCount":765,"publisher":{"@id":"https:\/\/cotobajo.es\/de\/#organization"},"image":{"@id":"https:\/\/cotobajo.es\/de\/olivenoel-sommer-lagerung-pflege-tipps\/#primaryimage"},"thumbnailUrl":"https:\/\/cotobajo.es\/wp-content\/uploads\/2024\/06\/aceite-en-verano-conservacion-coto-bajo-e1718957374566.jpg","keywords":["aceite de oliva virgen extra","aceite de oliva virgen extra calidad","Erhaltung","natives Oliven\u00f6l extra online kaufen","Oliven\u00f6l","Oliven\u00f6l Qualit\u00e4t","Verpackung"],"articleSection":["Verantwortungsvoller Einkauf, Verpackung und Konsum"],"inLanguage":"de"},{"@type":"WebPage","@id":"https:\/\/cotobajo.es\/de\/olivenoel-sommer-lagerung-pflege-tipps\/","url":"https:\/\/cotobajo.es\/de\/olivenoel-sommer-lagerung-pflege-tipps\/","name":"Wie man Oliven\u00f6l im Sommer konserviert","isPartOf":{"@id":"https:\/\/cotobajo.es\/de\/#website"},"primaryImageOfPage":{"@id":"https:\/\/cotobajo.es\/de\/olivenoel-sommer-lagerung-pflege-tipps\/#primaryimage"},"image":{"@id":"https:\/\/cotobajo.es\/de\/olivenoel-sommer-lagerung-pflege-tipps\/#primaryimage"},"thumbnailUrl":"https:\/\/cotobajo.es\/wp-content\/uploads\/2024\/06\/aceite-en-verano-conservacion-coto-bajo-e1718957374566.jpg","datePublished":"2024-06-21T08:00:00+00:00","dateModified":"2025-11-19T13:05:13+00:00","description":"Bewahren Sie Coto Bajo EVOO im Sommer auf, ohne dass es an Qualit\u00e4t oder Eigenschaften verliert. Die wichtigsten Techniken, um seine Reinheit, sein Aroma und seinen Geschmack zu sch\u00fctzen. Lernen Sie sie kennen.","breadcrumb":{"@id":"https:\/\/cotobajo.es\/de\/olivenoel-sommer-lagerung-pflege-tipps\/#breadcrumb"},"inLanguage":"de","potentialAction":[{"@type":"ReadAction","target":["https:\/\/cotobajo.es\/de\/olivenoel-sommer-lagerung-pflege-tipps\/"]}]},{"@type":"ImageObject","inLanguage":"de","@id":"https:\/\/cotobajo.es\/de\/olivenoel-sommer-lagerung-pflege-tipps\/#primaryimage","url":"https:\/\/cotobajo.es\/wp-content\/uploads\/2024\/06\/aceite-en-verano-conservacion-coto-bajo-e1718957374566.jpg","contentUrl":"https:\/\/cotobajo.es\/wp-content\/uploads\/2024\/06\/aceite-en-verano-conservacion-coto-bajo-e1718957374566.jpg","width":1264,"height":699,"caption":"aceite en verano coto bajo conservaci\u00f3n"},{"@type":"BreadcrumbList","@id":"https:\/\/cotobajo.es\/de\/olivenoel-sommer-lagerung-pflege-tipps\/#breadcrumb","itemListElement":[{"@type":"ListItem","position":1,"name":"Home","item":"https:\/\/cotobajo.es\/de\/"},{"@type":"ListItem","position":2,"name":"Verantwortungsvoller Einkauf, Verpackung und Konsum","item":"https:\/\/cotobajo.es\/de\/category\/verantwortungsvoller-einkauf-verpackung-und-konsum\/"},{"@type":"ListItem","position":3,"name":"Oliven\u00f6l im Sommer: Konservierung und wichtige Pflege"}]},{"@type":"WebSite","@id":"https:\/\/cotobajo.es\/de\/#website","url":"https:\/\/cotobajo.es\/de\/","name":"Coto Bajo","description":"Aceite de Oliva Virgen Extra, AOVE y Miel Artesanal","publisher":{"@id":"https:\/\/cotobajo.es\/de\/#organization"},"potentialAction":[{"@type":"SearchAction","target":{"@type":"EntryPoint","urlTemplate":"https:\/\/cotobajo.es\/de\/?s={search_term_string}"},"query-input":{"@type":"PropertyValueSpecification","valueRequired":true,"valueName":"search_term_string"}}],"inLanguage":"de"},{"@type":"Organization","@id":"https:\/\/cotobajo.es\/de\/#organization","name":"Coto Bajo","url":"https:\/\/cotobajo.es\/de\/","logo":{"@type":"ImageObject","inLanguage":"de","@id":"https:\/\/cotobajo.es\/de\/#\/schema\/logo\/image\/","url":"https:\/\/cotobajo.es\/wp-content\/uploads\/2021\/02\/logo-header.svg","contentUrl":"https:\/\/cotobajo.es\/wp-content\/uploads\/2021\/02\/logo-header.svg","width":1000,"height":558,"caption":"Coto Bajo"},"image":{"@id":"https:\/\/cotobajo.es\/de\/#\/schema\/logo\/image\/"},"sameAs":["https:\/\/www.facebook.com\/Coto-Bajo-394048128222","https:\/\/x.com\/cotobajo","https:\/\/www.instagram.com\/coto_bajo\/","https:\/\/www.linkedin.com\/company\/coto-bajo-s-a\/","https:\/\/www.youtube.com\/@coto_bajo"]},{"@type":"Person","@id":"https:\/\/cotobajo.es\/de\/#\/schema\/person\/97064de217ed7f6492951b6681a98e30","name":"Juan Copado","sameAs":["https:\/\/cotobajo.es\/"]}]}},"_links":{"self":[{"href":"https:\/\/cotobajo.es\/de\/wp-json\/wp\/v2\/posts\/14058","targetHints":{"allow":["GET"]}}],"collection":[{"href":"https:\/\/cotobajo.es\/de\/wp-json\/wp\/v2\/posts"}],"about":[{"href":"https:\/\/cotobajo.es\/de\/wp-json\/wp\/v2\/types\/post"}],"author":[{"embeddable":true,"href":"https:\/\/cotobajo.es\/de\/wp-json\/wp\/v2\/users\/57"}],"replies":[{"embeddable":true,"href":"https:\/\/cotobajo.es\/de\/wp-json\/wp\/v2\/comments?post=14058"}],"version-history":[{"count":0,"href":"https:\/\/cotobajo.es\/de\/wp-json\/wp\/v2\/posts\/14058\/revisions"}],"wp:featuredmedia":[{"embeddable":true,"href":"https:\/\/cotobajo.es\/de\/wp-json\/wp\/v2\/media\/12890"}],"wp:attachment":[{"href":"https:\/\/cotobajo.es\/de\/wp-json\/wp\/v2\/media?parent=14058"}],"wp:term":[{"taxonomy":"category","embeddable":true,"href":"https:\/\/cotobajo.es\/de\/wp-json\/wp\/v2\/categories?post=14058"},{"taxonomy":"post_tag","embeddable":true,"href":"https:\/\/cotobajo.es\/de\/wp-json\/wp\/v2\/tags?post=14058"}],"curies":[{"name":"wp","href":"https:\/\/api.w.org\/{rel}","templated":true}]}}