{"id":14265,"date":"2021-05-07T11:09:03","date_gmt":"2021-05-07T09:09:03","guid":{"rendered":"https:\/\/cotobajo.es\/warum-mit-nativem-olivenoel-extra-kochen\/"},"modified":"2025-08-22T14:25:53","modified_gmt":"2025-08-22T12:25:53","slug":"warum-mit-nativem-olivenoel-extra-kochen","status":"publish","type":"post","link":"https:\/\/cotobajo.es\/de\/warum-mit-nativem-olivenoel-extra-kochen\/","title":{"rendered":"Warum mit nativem Oliven\u00f6l extra kochen?"},"content":{"rendered":"\t\t<div data-elementor-type=\"wp-post\" data-elementor-id=\"14265\" class=\"elementor elementor-14265 elementor-2535\" data-elementor-post-type=\"post\">\n\t\t\t\t<div class=\"elementor-element elementor-element-6d5179e8 e-flex e-con-boxed e-con e-parent\" data-id=\"6d5179e8\" data-element_type=\"container\" data-e-type=\"container\">\n\t\t\t\t\t<div class=\"e-con-inner\">\n\t\t\t\t<div class=\"elementor-element elementor-element-325f54e4 elementor-widget elementor-widget-text-editor\" data-id=\"325f54e4\" data-element_type=\"widget\" data-e-type=\"widget\" data-widget_type=\"text-editor.default\">\n\t\t\t\t\t\t\t\t\t\n<p>Habr\u00e1s escuchado alguna vez que el AOVE pierde propiedades a altas temperaturas o que no merece la pena utilizarlo por su precio, cuando en realidad esa idea es muy equivocada. Cuando hablamos de<strong> cocinar con aceite<\/strong>, nos referimos a una t\u00e9cnica que realza el sabor y potencia los nutrientes de tus platos. Sigue leyendo y descubre por qu\u00e9 estos dos falsos mitos no tienen fundamento.<\/p>\n\n<p>En primer lugar, es importante aclarar que el aceite de oliva virgen extra posee una gran estabilidad a altas temperaturas, incluso en frituras, en comparaci\u00f3n con otros aceites vegetales. Al ser una grasa monoinsaturada, mantiene compuestos bioactivos como los polifenoles durante mucho m\u00e1s tiempo. Adem\u00e1s, si optas por cocinar con aceite de forma consciente, preservar\u00e1s al m\u00e1ximo sus beneficios nutricionales.<\/p>\n\n<p>\u00bfSab\u00edas que, adem\u00e1s, seg\u00fan un estudio de la Universidad de Barcelona <strong>cocinar con aceite<\/strong> de oliva permite la absorci\u00f3n y bioactividad de algunos de estos compuestos bioactivos, como los carotenoides y los propios polifenoles que est\u00e1n presentes en el sofrito? En comparaci\u00f3n con el uso de otras grasas en la cocina, la calidad general de los vegetales mejora significativamente cuando se fr\u00ede en AOVE, porque el producto se enriquece con fenoles del AOVE transferidos del aceite.<\/p>\n\n<p>Teniendo esto en cuenta, pasamos a contarte algunos de los beneficios que aportar\u00e1 a tu cocina el AOVE:<\/p>\n\n<h2>Sabor Excepcional.<\/h2>\n<p>Gracias a su estabilidad a altas temperaturas, el aceite de oliva virgen extra potencia el sabor de tus platos, conservando a su vez el perfil natural de los ingredientes que est\u00e9s cocinando, puesto que penetra en el alimento menos que otros aceites vegetales.<\/p>\n\n<h2>Calidad Nutricional.<\/h2>\n<p>Al cocinar, el AOVE apenas pierde propiedades, lo que garantiza que tus recetas sean tan nutritivas como sabrosas. Esta calidad ayuda a que cada preparaci\u00f3n se convierta en una opci\u00f3n saludable para tu dieta diaria.<\/p>\n\n<h2>Rentabilidad y Econom\u00eda.<\/h2>\n<p>Y, por fin, vamos al tema que tanto preocupa (aunque no deber\u00eda). El <strong>precio del aceite de oliva virgen extra<\/strong>. Como anticip\u00e1bamos al principio, seguramente alguien te ha comentado alguna vez que su precio es demasiado alto como para utilizarlo para cocinar. D\u00e9janos que te expliquemos por qu\u00e9 ese tipo de afirmaciones son falsas.<\/p>\n\n<p>Primero \u00bfsab\u00edas que el AOVE al verse sometido a altas temperaturas aumenta su volumen? Esto se traduce en que tendr\u00e1s que utilizar menos cantidad de aceite cada vez cocines.<\/p>\n\n<p>Y por si fuera poco, adem\u00e1s, el AOVE es reutilizable (para otros aceites vegetales no es recomendable su reutilizaci\u00f3n). As\u00ed, haciendo c\u00e1lculos \u00bfqu\u00e9 aceite sale m\u00e1s rentable econ\u00f3micamente? Y en este punto, no podemos por menos que reiterarnos en el valor a\u00f1adido de sus propiedades y beneficios nutricionales.<\/p>\n\n<p>Adem\u00e1s, si comparamos el precio del aceite de oliva virgen extra y su duraci\u00f3n con la de otros productos de consumo habitual, este falso mito queda desenmascarado totalmente. \u00bfVemos algunos ejemplos?<\/p>\n\n<p>Piensa en ese caf\u00e9 que te tomas en un bar\u2026 \u00bfCu\u00e1nto tiempo disfrutas de \u00e9l? Tambi\u00e9n nos vale como ejemplo una jarra de cerveza bien fresquita en una terraza o una copa de vino. Y todo esto, hablando de productos que en nuestro d\u00eda a d\u00eda consumimos porque nos parecen \u201cbaratos\u201d. Si entramos a valorar licores, refrescos, c\u00f3cteles\u2026 sus precios y tiempo de disfrute \u00bfqu\u00e9 pensar\u00edas?<\/p>\n\n<p>Ahora, comp\u00e1ralo con el precio del litro de AOVE y el periodo de tiempo durante el que puedes sacar partido de \u00e9l.<\/p>\n\n<p>Desmitificada queda pues esa afirmaci\u00f3n a la que algunos tanto se aferran sobre el precio del aceite de oliva virgen a la hora de justificar por qu\u00e9 no cocinan con \u00e9l.<\/p>\n\n<p>Te hemos explicado por qu\u00e9 el AOVE es m\u00e1s saludable a la hora de cocinar que otros aceites vegetales. Te hemos contado sus beneficios y hemos aclarado el hecho de que sus propiedades nutricionales son un plus saludable para tu dieta tanto en crudo como cocinado. Y adem\u00e1s, te hemos contado los porqu\u00e9s de que su precio no sea un inconveniente para su uso, sino m\u00e1s bien todo lo contrario. \u00a1Ya no hay excusas para no incluir el aceite de oliva virgen extra en tus recetas!<\/p>\n\n<p>Y ahora, cu\u00e9ntanos \u00bfQu\u00e9 se cuece en tus fogones? \u00bfQu\u00e9 sabrosa receta con AOVE cocinas hoy?<\/p>\n\t\t\t\t\t\t\t\t<\/div>\n\t\t\t\t\t<\/div>\n\t\t\t\t<\/div>\n\t\t\t\t<\/div>\n\t\t","protected":false},"excerpt":{"rendered":"<p>Zun\u00e4chst einmal m\u00fcssen wir klarstellen, dass natives Oliven\u00f6l extra im Vergleich zu anderen pflanzlichen \u00d6len bei hohen Temperaturen sehr stabil ist, selbst beim Frittieren. Als einfach unges\u00e4ttigtes Fett enth\u00e4lt es mehr bioaktive Verbindungen, wie z.B. Polyphenole, die l\u00e4nger vorhanden bleiben. <\/p>\n","protected":false},"author":9,"featured_media":11237,"comment_status":"closed","ping_status":"closed","sticky":false,"template":"","format":"standard","meta":{"_acf_changed":false,"_joinchat":[],"footnotes":""},"categories":[383],"tags":[559,147,396,146],"class_list":["post-14265","post","type-post","status-publish","format-standard","has-post-thumbnail","hentry","category-compra-envasado-consumo-responsable","tag-aceite-saludable-para-cocinar","tag-evoo","tag-cocina-saludable","tag-olivenol"],"acf":[],"yoast_head":"<!-- This site is optimized with the Yoast SEO plugin v27.5 - https:\/\/yoast.com\/product\/yoast-seo-wordpress\/ -->\n<title>Warum mit nativem Oliven\u00f6l extra kochen? | Coto Bajo<\/title>\n<meta name=\"description\" content=\"Wir r\u00e4umen mit zwei falschen Mythen \u00fcber das Kochen mit nativem Oliven\u00f6l extra auf: dem Preis und der Kochtemperatur.\" \/>\n<meta name=\"robots\" content=\"index, follow, max-snippet:-1, max-image-preview:large, max-video-preview:-1\" \/>\n<link rel=\"canonical\" href=\"https:\/\/cotobajo.es\/de\/warum-mit-nativem-olivenoel-extra-kochen\/\" \/>\n<meta property=\"og:locale\" content=\"de_DE\" \/>\n<meta property=\"og:type\" content=\"article\" \/>\n<meta property=\"og:title\" content=\"Warum mit nativem Oliven\u00f6l extra kochen? | Coto Bajo\" \/>\n<meta property=\"og:description\" content=\"Wir r\u00e4umen mit zwei falschen Mythen \u00fcber das Kochen mit nativem Oliven\u00f6l extra auf: dem Preis und der Kochtemperatur.\" \/>\n<meta property=\"og:url\" content=\"https:\/\/cotobajo.es\/de\/warum-mit-nativem-olivenoel-extra-kochen\/\" \/>\n<meta property=\"og:site_name\" content=\"Coto Bajo\" \/>\n<meta property=\"article:publisher\" content=\"https:\/\/www.facebook.com\/Coto-Bajo-394048128222\" \/>\n<meta property=\"article:published_time\" content=\"2021-05-07T09:09:03+00:00\" \/>\n<meta property=\"article:modified_time\" content=\"2025-08-22T12:25:53+00:00\" \/>\n<meta property=\"og:image\" content=\"https:\/\/cotobajo.es\/wp-content\/uploads\/2021\/05\/oil-1062433_1280.jpg\" \/>\n\t<meta property=\"og:image:width\" content=\"1280\" \/>\n\t<meta property=\"og:image:height\" content=\"875\" \/>\n\t<meta property=\"og:image:type\" content=\"image\/jpeg\" \/>\n<meta name=\"author\" content=\"Azahara Lopez\" \/>\n<meta name=\"twitter:card\" content=\"summary_large_image\" \/>\n<meta name=\"twitter:creator\" content=\"@cotobajo\" \/>\n<meta name=\"twitter:site\" content=\"@cotobajo\" \/>\n<meta name=\"twitter:label1\" content=\"Verfasst von\" \/>\n\t<meta name=\"twitter:data1\" content=\"Azahara Lopez\" \/>\n\t<meta name=\"twitter:label2\" content=\"Gesch\u00e4tzte Lesezeit\" \/>\n\t<meta name=\"twitter:data2\" content=\"3\u00a0Minuten\" \/>\n<script type=\"application\/ld+json\" class=\"yoast-schema-graph\">{\"@context\":\"https:\\\/\\\/schema.org\",\"@graph\":[{\"@type\":\"Article\",\"@id\":\"https:\\\/\\\/cotobajo.es\\\/de\\\/warum-mit-nativem-olivenoel-extra-kochen\\\/#article\",\"isPartOf\":{\"@id\":\"https:\\\/\\\/cotobajo.es\\\/de\\\/warum-mit-nativem-olivenoel-extra-kochen\\\/\"},\"author\":{\"name\":\"Azahara Lopez\",\"@id\":\"https:\\\/\\\/cotobajo.es\\\/de\\\/#\\\/schema\\\/person\\\/6d9fadc92a8147d351380a848617dfb5\"},\"headline\":\"Warum mit nativem Oliven\u00f6l extra kochen?\",\"datePublished\":\"2021-05-07T09:09:03+00:00\",\"dateModified\":\"2025-08-22T12:25:53+00:00\",\"mainEntityOfPage\":{\"@id\":\"https:\\\/\\\/cotobajo.es\\\/de\\\/warum-mit-nativem-olivenoel-extra-kochen\\\/\"},\"wordCount\":656,\"publisher\":{\"@id\":\"https:\\\/\\\/cotobajo.es\\\/de\\\/#organization\"},\"image\":{\"@id\":\"https:\\\/\\\/cotobajo.es\\\/de\\\/warum-mit-nativem-olivenoel-extra-kochen\\\/#primaryimage\"},\"thumbnailUrl\":\"https:\\\/\\\/cotobajo.es\\\/wp-content\\\/uploads\\\/2021\\\/05\\\/oil-1062433_1280.jpg\",\"keywords\":[\"aceite saludable para cocinar\",\"aove\",\"cocina saludable\",\"Oliven\u00f6l\"],\"articleSection\":[\"Compra, envasado y consumo responsable\"],\"inLanguage\":\"de\"},{\"@type\":\"WebPage\",\"@id\":\"https:\\\/\\\/cotobajo.es\\\/de\\\/warum-mit-nativem-olivenoel-extra-kochen\\\/\",\"url\":\"https:\\\/\\\/cotobajo.es\\\/de\\\/warum-mit-nativem-olivenoel-extra-kochen\\\/\",\"name\":\"Warum mit nativem Oliven\u00f6l extra kochen? | Coto Bajo\",\"isPartOf\":{\"@id\":\"https:\\\/\\\/cotobajo.es\\\/de\\\/#website\"},\"primaryImageOfPage\":{\"@id\":\"https:\\\/\\\/cotobajo.es\\\/de\\\/warum-mit-nativem-olivenoel-extra-kochen\\\/#primaryimage\"},\"image\":{\"@id\":\"https:\\\/\\\/cotobajo.es\\\/de\\\/warum-mit-nativem-olivenoel-extra-kochen\\\/#primaryimage\"},\"thumbnailUrl\":\"https:\\\/\\\/cotobajo.es\\\/wp-content\\\/uploads\\\/2021\\\/05\\\/oil-1062433_1280.jpg\",\"datePublished\":\"2021-05-07T09:09:03+00:00\",\"dateModified\":\"2025-08-22T12:25:53+00:00\",\"description\":\"Wir r\u00e4umen mit zwei falschen Mythen \u00fcber das Kochen mit nativem Oliven\u00f6l extra auf: dem Preis und der Kochtemperatur.\",\"breadcrumb\":{\"@id\":\"https:\\\/\\\/cotobajo.es\\\/de\\\/warum-mit-nativem-olivenoel-extra-kochen\\\/#breadcrumb\"},\"inLanguage\":\"de\",\"potentialAction\":[{\"@type\":\"ReadAction\",\"target\":[\"https:\\\/\\\/cotobajo.es\\\/de\\\/warum-mit-nativem-olivenoel-extra-kochen\\\/\"]}]},{\"@type\":\"ImageObject\",\"inLanguage\":\"de\",\"@id\":\"https:\\\/\\\/cotobajo.es\\\/de\\\/warum-mit-nativem-olivenoel-extra-kochen\\\/#primaryimage\",\"url\":\"https:\\\/\\\/cotobajo.es\\\/wp-content\\\/uploads\\\/2021\\\/05\\\/oil-1062433_1280.jpg\",\"contentUrl\":\"https:\\\/\\\/cotobajo.es\\\/wp-content\\\/uploads\\\/2021\\\/05\\\/oil-1062433_1280.jpg\",\"width\":1280,\"height\":875},{\"@type\":\"BreadcrumbList\",\"@id\":\"https:\\\/\\\/cotobajo.es\\\/de\\\/warum-mit-nativem-olivenoel-extra-kochen\\\/#breadcrumb\",\"itemListElement\":[{\"@type\":\"ListItem\",\"position\":1,\"name\":\"Home\",\"item\":\"https:\\\/\\\/cotobajo.es\\\/de\\\/\"},{\"@type\":\"ListItem\",\"position\":2,\"name\":\"Verantwortungsvoller Einkauf, Verpackung und Konsum\",\"item\":\"https:\\\/\\\/cotobajo.es\\\/de\\\/category\\\/verantwortungsvoller-einkauf-verpackung-und-konsum\\\/\"},{\"@type\":\"ListItem\",\"position\":3,\"name\":\"Warum mit nativem Oliven\u00f6l extra kochen?\"}]},{\"@type\":\"WebSite\",\"@id\":\"https:\\\/\\\/cotobajo.es\\\/de\\\/#website\",\"url\":\"https:\\\/\\\/cotobajo.es\\\/de\\\/\",\"name\":\"Coto Bajo\",\"description\":\"Aceite de Oliva Virgen Extra, AOVE y Miel Artesanal\",\"publisher\":{\"@id\":\"https:\\\/\\\/cotobajo.es\\\/de\\\/#organization\"},\"potentialAction\":[{\"@type\":\"SearchAction\",\"target\":{\"@type\":\"EntryPoint\",\"urlTemplate\":\"https:\\\/\\\/cotobajo.es\\\/de\\\/?s={search_term_string}\"},\"query-input\":{\"@type\":\"PropertyValueSpecification\",\"valueRequired\":true,\"valueName\":\"search_term_string\"}}],\"inLanguage\":\"de\"},{\"@type\":\"Organization\",\"@id\":\"https:\\\/\\\/cotobajo.es\\\/de\\\/#organization\",\"name\":\"Coto Bajo\",\"url\":\"https:\\\/\\\/cotobajo.es\\\/de\\\/\",\"logo\":{\"@type\":\"ImageObject\",\"inLanguage\":\"de\",\"@id\":\"https:\\\/\\\/cotobajo.es\\\/de\\\/#\\\/schema\\\/logo\\\/image\\\/\",\"url\":\"https:\\\/\\\/cotobajo.es\\\/wp-content\\\/uploads\\\/2021\\\/02\\\/logo-header.svg\",\"contentUrl\":\"https:\\\/\\\/cotobajo.es\\\/wp-content\\\/uploads\\\/2021\\\/02\\\/logo-header.svg\",\"width\":1000,\"height\":558,\"caption\":\"Coto Bajo\"},\"image\":{\"@id\":\"https:\\\/\\\/cotobajo.es\\\/de\\\/#\\\/schema\\\/logo\\\/image\\\/\"},\"sameAs\":[\"https:\\\/\\\/www.facebook.com\\\/Coto-Bajo-394048128222\",\"https:\\\/\\\/x.com\\\/cotobajo\",\"https:\\\/\\\/www.instagram.com\\\/coto_bajo\\\/\",\"https:\\\/\\\/www.linkedin.com\\\/company\\\/coto-bajo-s-a\\\/\",\"https:\\\/\\\/www.youtube.com\\\/@coto_bajo\"]},{\"@type\":\"Person\",\"@id\":\"https:\\\/\\\/cotobajo.es\\\/de\\\/#\\\/schema\\\/person\\\/6d9fadc92a8147d351380a848617dfb5\",\"name\":\"Azahara Lopez\"}]}<\/script>\n<!-- \/ Yoast SEO plugin. -->","yoast_head_json":{"title":"Warum mit nativem Oliven\u00f6l extra kochen? | Coto Bajo","description":"Wir r\u00e4umen mit zwei falschen Mythen \u00fcber das Kochen mit nativem Oliven\u00f6l extra auf: dem Preis und der Kochtemperatur.","robots":{"index":"index","follow":"follow","max-snippet":"max-snippet:-1","max-image-preview":"max-image-preview:large","max-video-preview":"max-video-preview:-1"},"canonical":"https:\/\/cotobajo.es\/de\/warum-mit-nativem-olivenoel-extra-kochen\/","og_locale":"de_DE","og_type":"article","og_title":"Warum mit nativem Oliven\u00f6l extra kochen? | Coto Bajo","og_description":"Wir r\u00e4umen mit zwei falschen Mythen \u00fcber das Kochen mit nativem Oliven\u00f6l extra auf: dem Preis und der Kochtemperatur.","og_url":"https:\/\/cotobajo.es\/de\/warum-mit-nativem-olivenoel-extra-kochen\/","og_site_name":"Coto Bajo","article_publisher":"https:\/\/www.facebook.com\/Coto-Bajo-394048128222","article_published_time":"2021-05-07T09:09:03+00:00","article_modified_time":"2025-08-22T12:25:53+00:00","og_image":[{"width":1280,"height":875,"url":"https:\/\/cotobajo.es\/wp-content\/uploads\/2021\/05\/oil-1062433_1280.jpg","type":"image\/jpeg"}],"author":"Azahara Lopez","twitter_card":"summary_large_image","twitter_creator":"@cotobajo","twitter_site":"@cotobajo","twitter_misc":{"Verfasst von":"Azahara Lopez","Gesch\u00e4tzte Lesezeit":"3\u00a0Minuten"},"schema":{"@context":"https:\/\/schema.org","@graph":[{"@type":"Article","@id":"https:\/\/cotobajo.es\/de\/warum-mit-nativem-olivenoel-extra-kochen\/#article","isPartOf":{"@id":"https:\/\/cotobajo.es\/de\/warum-mit-nativem-olivenoel-extra-kochen\/"},"author":{"name":"Azahara Lopez","@id":"https:\/\/cotobajo.es\/de\/#\/schema\/person\/6d9fadc92a8147d351380a848617dfb5"},"headline":"Warum mit nativem Oliven\u00f6l extra kochen?","datePublished":"2021-05-07T09:09:03+00:00","dateModified":"2025-08-22T12:25:53+00:00","mainEntityOfPage":{"@id":"https:\/\/cotobajo.es\/de\/warum-mit-nativem-olivenoel-extra-kochen\/"},"wordCount":656,"publisher":{"@id":"https:\/\/cotobajo.es\/de\/#organization"},"image":{"@id":"https:\/\/cotobajo.es\/de\/warum-mit-nativem-olivenoel-extra-kochen\/#primaryimage"},"thumbnailUrl":"https:\/\/cotobajo.es\/wp-content\/uploads\/2021\/05\/oil-1062433_1280.jpg","keywords":["aceite saludable para cocinar","aove","cocina saludable","Oliven\u00f6l"],"articleSection":["Compra, envasado y consumo responsable"],"inLanguage":"de"},{"@type":"WebPage","@id":"https:\/\/cotobajo.es\/de\/warum-mit-nativem-olivenoel-extra-kochen\/","url":"https:\/\/cotobajo.es\/de\/warum-mit-nativem-olivenoel-extra-kochen\/","name":"Warum mit nativem Oliven\u00f6l extra kochen? | Coto Bajo","isPartOf":{"@id":"https:\/\/cotobajo.es\/de\/#website"},"primaryImageOfPage":{"@id":"https:\/\/cotobajo.es\/de\/warum-mit-nativem-olivenoel-extra-kochen\/#primaryimage"},"image":{"@id":"https:\/\/cotobajo.es\/de\/warum-mit-nativem-olivenoel-extra-kochen\/#primaryimage"},"thumbnailUrl":"https:\/\/cotobajo.es\/wp-content\/uploads\/2021\/05\/oil-1062433_1280.jpg","datePublished":"2021-05-07T09:09:03+00:00","dateModified":"2025-08-22T12:25:53+00:00","description":"Wir r\u00e4umen mit zwei falschen Mythen \u00fcber das Kochen mit nativem Oliven\u00f6l extra auf: dem Preis und der Kochtemperatur.","breadcrumb":{"@id":"https:\/\/cotobajo.es\/de\/warum-mit-nativem-olivenoel-extra-kochen\/#breadcrumb"},"inLanguage":"de","potentialAction":[{"@type":"ReadAction","target":["https:\/\/cotobajo.es\/de\/warum-mit-nativem-olivenoel-extra-kochen\/"]}]},{"@type":"ImageObject","inLanguage":"de","@id":"https:\/\/cotobajo.es\/de\/warum-mit-nativem-olivenoel-extra-kochen\/#primaryimage","url":"https:\/\/cotobajo.es\/wp-content\/uploads\/2021\/05\/oil-1062433_1280.jpg","contentUrl":"https:\/\/cotobajo.es\/wp-content\/uploads\/2021\/05\/oil-1062433_1280.jpg","width":1280,"height":875},{"@type":"BreadcrumbList","@id":"https:\/\/cotobajo.es\/de\/warum-mit-nativem-olivenoel-extra-kochen\/#breadcrumb","itemListElement":[{"@type":"ListItem","position":1,"name":"Home","item":"https:\/\/cotobajo.es\/de\/"},{"@type":"ListItem","position":2,"name":"Verantwortungsvoller Einkauf, Verpackung und Konsum","item":"https:\/\/cotobajo.es\/de\/category\/verantwortungsvoller-einkauf-verpackung-und-konsum\/"},{"@type":"ListItem","position":3,"name":"Warum mit nativem Oliven\u00f6l extra kochen?"}]},{"@type":"WebSite","@id":"https:\/\/cotobajo.es\/de\/#website","url":"https:\/\/cotobajo.es\/de\/","name":"Coto Bajo","description":"Aceite de Oliva Virgen Extra, AOVE y Miel Artesanal","publisher":{"@id":"https:\/\/cotobajo.es\/de\/#organization"},"potentialAction":[{"@type":"SearchAction","target":{"@type":"EntryPoint","urlTemplate":"https:\/\/cotobajo.es\/de\/?s={search_term_string}"},"query-input":{"@type":"PropertyValueSpecification","valueRequired":true,"valueName":"search_term_string"}}],"inLanguage":"de"},{"@type":"Organization","@id":"https:\/\/cotobajo.es\/de\/#organization","name":"Coto Bajo","url":"https:\/\/cotobajo.es\/de\/","logo":{"@type":"ImageObject","inLanguage":"de","@id":"https:\/\/cotobajo.es\/de\/#\/schema\/logo\/image\/","url":"https:\/\/cotobajo.es\/wp-content\/uploads\/2021\/02\/logo-header.svg","contentUrl":"https:\/\/cotobajo.es\/wp-content\/uploads\/2021\/02\/logo-header.svg","width":1000,"height":558,"caption":"Coto Bajo"},"image":{"@id":"https:\/\/cotobajo.es\/de\/#\/schema\/logo\/image\/"},"sameAs":["https:\/\/www.facebook.com\/Coto-Bajo-394048128222","https:\/\/x.com\/cotobajo","https:\/\/www.instagram.com\/coto_bajo\/","https:\/\/www.linkedin.com\/company\/coto-bajo-s-a\/","https:\/\/www.youtube.com\/@coto_bajo"]},{"@type":"Person","@id":"https:\/\/cotobajo.es\/de\/#\/schema\/person\/6d9fadc92a8147d351380a848617dfb5","name":"Azahara Lopez"}]}},"_links":{"self":[{"href":"https:\/\/cotobajo.es\/de\/wp-json\/wp\/v2\/posts\/14265","targetHints":{"allow":["GET"]}}],"collection":[{"href":"https:\/\/cotobajo.es\/de\/wp-json\/wp\/v2\/posts"}],"about":[{"href":"https:\/\/cotobajo.es\/de\/wp-json\/wp\/v2\/types\/post"}],"author":[{"embeddable":true,"href":"https:\/\/cotobajo.es\/de\/wp-json\/wp\/v2\/users\/9"}],"replies":[{"embeddable":true,"href":"https:\/\/cotobajo.es\/de\/wp-json\/wp\/v2\/comments?post=14265"}],"version-history":[{"count":0,"href":"https:\/\/cotobajo.es\/de\/wp-json\/wp\/v2\/posts\/14265\/revisions"}],"wp:featuredmedia":[{"embeddable":true,"href":"https:\/\/cotobajo.es\/de\/wp-json\/wp\/v2\/media\/11237"}],"wp:attachment":[{"href":"https:\/\/cotobajo.es\/de\/wp-json\/wp\/v2\/media?parent=14265"}],"wp:term":[{"taxonomy":"category","embeddable":true,"href":"https:\/\/cotobajo.es\/de\/wp-json\/wp\/v2\/categories?post=14265"},{"taxonomy":"post_tag","embeddable":true,"href":"https:\/\/cotobajo.es\/de\/wp-json\/wp\/v2\/tags?post=14265"}],"curies":[{"name":"wp","href":"https:\/\/api.w.org\/{rel}","templated":true}]}}